{"id":6889,"date":"2022-07-25T14:15:42","date_gmt":"2022-07-25T12:15:42","guid":{"rendered":"https:\/\/www.idastudio.it\/2022\/07\/25\/ti-spiego-come-si-fa\/"},"modified":"2025-09-11T18:26:46","modified_gmt":"2025-09-11T16:26:46","slug":"ti-spiego-come-si-fa","status":"publish","type":"post","link":"https:\/\/www.idastudio.it\/en\/2022\/07\/25\/ti-spiego-come-si-fa\/","title":{"rendered":"Ti spiego come si fa EN"},"content":{"rendered":"\n<p>Della sottile linea tra design grafico e design del prodotto. Se esiste&nbsp;<\/p>\n\n\n<figure class=\"alignfull wp-block-post-featured-image\"><img loading=\"lazy\" decoding=\"async\" width=\"2560\" height=\"1440\" src=\"https:\/\/www.idastudio.it\/wp-content\/uploads\/2022\/07\/openfurnishings13-scaled.jpg\" class=\"attachment-post-thumbnail size-post-thumbnail wp-post-image\" alt=\"\" style=\"object-fit:cover;\" srcset=\"https:\/\/www.idastudio.it\/wp-content\/uploads\/2022\/07\/openfurnishings13-scaled.jpg 2560w, https:\/\/www.idastudio.it\/wp-content\/uploads\/2022\/07\/openfurnishings13-300x169.jpg 300w, https:\/\/www.idastudio.it\/wp-content\/uploads\/2022\/07\/openfurnishings13-1024x576.jpg 1024w, https:\/\/www.idastudio.it\/wp-content\/uploads\/2022\/07\/openfurnishings13-768x432.jpg 768w, https:\/\/www.idastudio.it\/wp-content\/uploads\/2022\/07\/openfurnishings13-1536x864.jpg 1536w, https:\/\/www.idastudio.it\/wp-content\/uploads\/2022\/07\/openfurnishings13-2048x1152.jpg 2048w, https:\/\/www.idastudio.it\/wp-content\/uploads\/2022\/07\/openfurnishings13-1920x1080.jpg 1920w\" sizes=\"auto, (max-width: 2560px) 100vw, 2560px\" \/><\/figure>\n\n\n<p class=\"is-style-font-xs\">di Laura Bortoloni<br>Design director Ida Studio<br>Docente a contratto Unife, Uniud<\/p>\n\n\n\n<p class=\"is-style-font-p-medium\"><em>Dal 2018 ho iniziato ad insegnare progettazione grafica nell\u2019ambito dell\u2019insegnamento di concept design nel corso di laurea di Design per il prodotto industriale presso l\u2019Universit\u00e0 degli Studi di Ferrara. La sfida di questo ruolo, apparentemente comprimario rispetto all\u2019insegnamento di design del prodotto, risulta nella complessit\u00e0 dell\u2019individuare come la progettazione per immagini possa non essere ancillare, di servizio, subalterna alla progettazione di oggetti e \u2013 sempre pi\u00f9 \u2013 servizi, ma debba trovare un ruolo dialettico, complesso, non scontato nella formazione di progettisti per i quali, dal mio punto di vista, i confini delle due discipline sono e saranno sempre pi\u00f9 sfumati, ammesso che abbia ancora senso distinguerle nettamente (hint: per me no). Non \u00e8 facile. Arricchente, di certo, \u00e8 stato confrontarsi con docenti e progettisti dai punti di vista e dalle visioni pi\u00f9 disparate se non polarizzate.<\/em><\/p>\n\n\n\n<p>Occasione particolare quella offerta durante l\u2019anno accademico 2021-2022, in cui ho affiancato <strong>Ivano Vianello<\/strong>, che ha proposto agli studenti un percorso ispirato dall\u2019esperienza di Enzo Mari sull\u2019autoprogettazione. Gli studenti sono stati chiamati a progettare una seduta pensata per poter essere replicata, realizzata, autocostruita potenzialmente&#8230; da chiunque.<\/p>\n\n\n\n<p>Pretesto di progetto offerto da Tumbo, associazione che si occupa di rigenerazione urbana con cui collaboro da lunga data. Tumbo, all&#8217;epoca del briefing, stava progettando un festival di giardini aperti sulla citt\u00e0 di Rovigo. Cos\u00ec, abbiamo proposto agli studenti di progettare una seduta da esterno, pensata per essere utilizzata proprio nel contesto di una manifestazione ospitata da giardini e parchi, cos\u00ec facile ed economica da assemblare e costruire, che anche i volontari del festival avrebbero potuto inserirla nel proprio progetto.<\/p>\n\n\n\n<p>Label di tutto il percorso, come immaginata da Vianello, <a href=\"https:\/\/www.calameo.com\/books\/00705563493bb64526da2\">Openfurnishings<\/a>, un concept per aggregare progetti open source nati con questa vocazione. Gli studenti sono stati chiamati a progettare un artefatto \u2013 una seduta \u2013 per la fruizione outdoor, pensata per contesti come giardini, parchi, eventi all\u2019aperto, reinterpretando la modalit\u00e0 di pensiero e progetto dell\u2019autocostruzione. Hanno quindi progettato soluzioni che potessero essere costruite anche da utenti senza competenze specifiche nell\u2019ambito del product design o della carpenteria. Auspicabilmente, con pochi mezzi e poco sforzo.<\/p>\n\n\n\n<div class=\"wp-block-columns is-layout-flex wp-container-core-columns-is-layout-9d6595d7 wp-block-columns-is-layout-flex\">\n<div class=\"wp-block-column is-layout-flow wp-block-column-is-layout-flow\"><\/div>\n\n\n\n<div class=\"wp-block-column is-layout-flow wp-block-column-is-layout-flow\"><html><body><figure class=\"wp-block-image size-large\" data-margin-bottom=\"1\"><img loading=\"lazy\" decoding=\"async\" width=\"1024\" height=\"576\" src=\"https:\/\/www.idastudio.it\/wp-content\/uploads\/2022\/07\/openfurnishings-1024x576.jpg\" alt=\"Aracne. Rebecca Barbiani, Irene Bonomi, Chiara Barbierato, Matilde Catalani\" class=\"wp-image-6005\" srcset=\"https:\/\/www.idastudio.it\/wp-content\/uploads\/2022\/07\/openfurnishings-1024x576.jpg 1024w, https:\/\/www.idastudio.it\/wp-content\/uploads\/2022\/07\/openfurnishings-300x169.jpg 300w, https:\/\/www.idastudio.it\/wp-content\/uploads\/2022\/07\/openfurnishings-768x432.jpg 768w, https:\/\/www.idastudio.it\/wp-content\/uploads\/2022\/07\/openfurnishings-1536x864.jpg 1536w, https:\/\/www.idastudio.it\/wp-content\/uploads\/2022\/07\/openfurnishings-2048x1152.jpg 2048w, https:\/\/www.idastudio.it\/wp-content\/uploads\/2022\/07\/openfurnishings-1920x1080.jpg 1920w\" sizes=\"auto, (max-width: 1024px) 100vw, 1024px\" \/><\/figure>\n<\/body><\/html>\n\n\n<p class=\"is-style-font-xs\">Aracne. Rebecca Barbiani, Irene Bonomi, Chiara Barbierato, Matilde Catalani<\/p>\n<\/div>\n\n\n\n<div class=\"wp-block-column is-layout-flow wp-block-column-is-layout-flow\"><\/div>\n<\/div>\n\n\n\n<p>In una dinamica in cui open source diventa la modalit\u00e0 di diffusione del progetto, gli strumenti del visual design e \u2013 a ben vedere \u2013 dell\u2019information design \u2013 diventano leve primarie di un processo verso l\u2019apertura, la comprensibilit\u00e0, l\u2019accessibilit\u00e0. Le visualizzazioni che presentano le istruzioni di montaggio sono parte integrante, per nulla accessoria, di una narrazione che parte dalla necessit\u00e0 e si completa con l\u2019utilizzo, rendendo l\u2019utente co-autore, co-realizzatore dell\u2019artefatto.<\/p>\n\n\n\n<p>Gli studenti e le studentesse hanno quindi progettato non solo i prodotti, ma le istruzioni per costruirli, pensando a una tipologia di utenti vasta e eterogenea, e interrogandosi sugli strumenti visivi da prediligere per rendere il processo comprensibile e impresentabile.<\/p>\n\n\n\n<p>Nell\u2019ambito dell\u2019insegnamento gli studenti hanno quindi portato avanti, quasi in parallelo, il progetto del prodotto con la riflessione sulle istruzioni di montaggio, cimentandosi sia con la struttura narrativa delle istruzioni, che con i singoli linguaggi visivi (dall\u2019illustrazione tecnica, al pittogramma, alla rappresentazione di processo), testando con utenti reali la bont\u00e0 del loro progetto di information design, e inserendo le modifiche in un processo iterativo.<\/p>\n\n\n\n<p>Sono nate 12 sedute da esterno ciascuna con una propria narrazione, una propria identit\u00e0, soprattutto un proprio libretto distruzioni.<\/p>\n\n\n\n<div class=\"wp-block-columns is-layout-flex wp-container-core-columns-is-layout-9d6595d7 wp-block-columns-is-layout-flex\">\n<div class=\"wp-block-column is-layout-flow wp-block-column-is-layout-flow\"><\/div>\n\n\n\n<div class=\"wp-block-column is-layout-flow wp-block-column-is-layout-flow\"><html><body><figure class=\"wp-block-image size-large\" data-margin-bottom=\"1\"><img loading=\"lazy\" decoding=\"async\" width=\"1024\" height=\"576\" src=\"https:\/\/www.idastudio.it\/wp-content\/uploads\/2022\/07\/openfurnishings3-1024x576.jpg\" alt=\"\" class=\"wp-image-6011\" srcset=\"https:\/\/www.idastudio.it\/wp-content\/uploads\/2022\/07\/openfurnishings3-1024x576.jpg 1024w, https:\/\/www.idastudio.it\/wp-content\/uploads\/2022\/07\/openfurnishings3-300x169.jpg 300w, https:\/\/www.idastudio.it\/wp-content\/uploads\/2022\/07\/openfurnishings3-768x432.jpg 768w, https:\/\/www.idastudio.it\/wp-content\/uploads\/2022\/07\/openfurnishings3-1536x864.jpg 1536w, https:\/\/www.idastudio.it\/wp-content\/uploads\/2022\/07\/openfurnishings3-2048x1152.jpg 2048w, https:\/\/www.idastudio.it\/wp-content\/uploads\/2022\/07\/openfurnishings3-1920x1080.jpg 1920w\" sizes=\"auto, (max-width: 1024px) 100vw, 1024px\" \/><\/figure>\n<\/body><\/html>\n\n\n<p class=\"is-style-font-xs\">Mezzasedia. Luca Castagna, Pietro Graziosi, Giada Manganelli, Jonathan Pedicino<\/p>\n<\/div>\n\n\n\n<div class=\"wp-block-column is-layout-flow wp-block-column-is-layout-flow\"><\/div>\n<\/div>\n\n\n\n<p>La progettiste di <em>Aracne<\/em> hanno ideato un sistema di bande in tessuto ortogonali fra loro, e hanno portato quest&#8217;idea di intreccio fuori dal prodotto trasformandola in nome e in logotipo, costruendo un sistema di istruzioni lineare, in cui si procede step by step non prima di aver elencato strumenti e materiali necessari. Anche l* progettist* di <em>Bolina<\/em> scelgono di sfruttare il dialogo tra elemento tessile e legno per definire l&#8217;equilibrio della struttura, e anche in questo caso l&#8217;aspetto iconico del materiale scelto diventa il pretesto per costruire una narrazione e progettare un lettering. &nbsp;<\/p>\n\n\n\n<div class=\"wp-block-columns is-layout-flex wp-container-core-columns-is-layout-9d6595d7 wp-block-columns-is-layout-flex\">\n<div class=\"wp-block-column is-layout-flow wp-block-column-is-layout-flow\"><\/div>\n\n\n\n<div class=\"wp-block-column is-layout-flow wp-block-column-is-layout-flow\"><html><body><figure class=\"wp-block-image size-large\" data-margin-bottom=\"1\"><img loading=\"lazy\" decoding=\"async\" width=\"1024\" height=\"576\" src=\"https:\/\/www.idastudio.it\/wp-content\/uploads\/2022\/07\/openfurnishings4-1024x576.jpg\" alt=\"\" class=\"wp-image-6013\" srcset=\"https:\/\/www.idastudio.it\/wp-content\/uploads\/2022\/07\/openfurnishings4-1024x576.jpg 1024w, https:\/\/www.idastudio.it\/wp-content\/uploads\/2022\/07\/openfurnishings4-300x169.jpg 300w, https:\/\/www.idastudio.it\/wp-content\/uploads\/2022\/07\/openfurnishings4-768x432.jpg 768w, https:\/\/www.idastudio.it\/wp-content\/uploads\/2022\/07\/openfurnishings4-1536x864.jpg 1536w, https:\/\/www.idastudio.it\/wp-content\/uploads\/2022\/07\/openfurnishings4-2048x1152.jpg 2048w, https:\/\/www.idastudio.it\/wp-content\/uploads\/2022\/07\/openfurnishings4-1920x1080.jpg 1920w\" sizes=\"auto, (max-width: 1024px) 100vw, 1024px\" \/><\/figure>\n<\/body><\/html>\n\n\n<p class=\"is-style-font-xs\">Bolina. Maja Marta Krupa, Sara Lain, Nicola Pellegrinelli, Anca Mariana Toma<\/p>\n<\/div>\n\n\n\n<div class=\"wp-block-column is-layout-flow wp-block-column-is-layout-flow\"><\/div>\n<\/div>\n\n\n\n<p>Nel progetto <em>Miriposo<\/em> sono le forme triangolari che, componendosi fra di loro, vanno a creare il piede d\u2019appoggio, la seduta e lo schienale di miriposo. Analogamente, del sistema di triangoli, \u00e8 la linea diagonale a diventare identitaria nel progetto di logotipo, in cui basta una piccola variazione sul lettering a suggerire il concept. Le progesttiste di <em>Miriposo<\/em> introducono una variabile cromatica all&#8217;interno del sistema di istruzioni, utile per riconoscere e distinguere componenti e parti, soluzione adottata anche dal gruppo che idea <em>La regolare<\/em>, rileggendo una seduta archetipale in ottica di autocostruzione.<\/p>\n\n\n\n<div class=\"wp-block-columns is-layout-flex wp-container-core-columns-is-layout-9d6595d7 wp-block-columns-is-layout-flex\">\n<div class=\"wp-block-column is-layout-flow wp-block-column-is-layout-flow\"><\/div>\n\n\n\n<div class=\"wp-block-column is-layout-flow wp-block-column-is-layout-flow\"><html><body><figure class=\"wp-block-image size-large\" data-margin-bottom=\"1\"><img loading=\"lazy\" decoding=\"async\" width=\"1024\" height=\"576\" src=\"https:\/\/www.idastudio.it\/wp-content\/uploads\/2022\/07\/openfurnishings2-1024x576.jpg\" alt=\"\" class=\"wp-image-6009\" srcset=\"https:\/\/www.idastudio.it\/wp-content\/uploads\/2022\/07\/openfurnishings2-1024x576.jpg 1024w, https:\/\/www.idastudio.it\/wp-content\/uploads\/2022\/07\/openfurnishings2-300x169.jpg 300w, https:\/\/www.idastudio.it\/wp-content\/uploads\/2022\/07\/openfurnishings2-768x432.jpg 768w, https:\/\/www.idastudio.it\/wp-content\/uploads\/2022\/07\/openfurnishings2-1536x864.jpg 1536w, https:\/\/www.idastudio.it\/wp-content\/uploads\/2022\/07\/openfurnishings2-2048x1152.jpg 2048w, https:\/\/www.idastudio.it\/wp-content\/uploads\/2022\/07\/openfurnishings2-1920x1080.jpg 1920w\" sizes=\"auto, (max-width: 1024px) 100vw, 1024px\" \/><\/figure>\n<\/body><\/html>\n\n\n<p class=\"is-style-font-xs\">Miriposo. Giulia Alberghi, Francesca Becca, Francesca Cecchini, Sofia Bonaldo<\/p>\n<\/div>\n\n\n\n<div class=\"wp-block-column is-layout-flow wp-block-column-is-layout-flow\"><\/div>\n<\/div>\n\n\n\n<div class=\"wp-block-columns is-layout-flex wp-container-core-columns-is-layout-9d6595d7 wp-block-columns-is-layout-flex\">\n<div class=\"wp-block-column is-layout-flow wp-block-column-is-layout-flow\"><\/div>\n\n\n\n<div class=\"wp-block-column is-layout-flow wp-block-column-is-layout-flow\"><html><body><figure class=\"wp-block-image size-large\" data-margin-bottom=\"1\"><img loading=\"lazy\" decoding=\"async\" width=\"1024\" height=\"576\" src=\"https:\/\/www.idastudio.it\/wp-content\/uploads\/2022\/07\/openfurnishings5-1024x576.jpg\" alt=\"\" class=\"wp-image-6015\" srcset=\"https:\/\/www.idastudio.it\/wp-content\/uploads\/2022\/07\/openfurnishings5-1024x576.jpg 1024w, https:\/\/www.idastudio.it\/wp-content\/uploads\/2022\/07\/openfurnishings5-300x169.jpg 300w, https:\/\/www.idastudio.it\/wp-content\/uploads\/2022\/07\/openfurnishings5-768x432.jpg 768w, https:\/\/www.idastudio.it\/wp-content\/uploads\/2022\/07\/openfurnishings5-1536x864.jpg 1536w, https:\/\/www.idastudio.it\/wp-content\/uploads\/2022\/07\/openfurnishings5-2048x1152.jpg 2048w, https:\/\/www.idastudio.it\/wp-content\/uploads\/2022\/07\/openfurnishings5-1920x1080.jpg 1920w\" sizes=\"auto, (max-width: 1024px) 100vw, 1024px\" \/><\/figure>\n<\/body><\/html>\n\n\n<p class=\"is-style-font-xs\">La signora. Alice Galdi, Giulia Nestola, Luce Santato, Noemi Murdolo<\/p>\n<\/div>\n\n\n\n<div class=\"wp-block-column is-layout-flow wp-block-column-is-layout-flow\"><\/div>\n<\/div>\n\n\n\n<p>In <em>Mezza Sedia<\/em> e <em>Trama<\/em> \u00e8 l&#8217;intreccio di componendi modulare a rendere possibile il sistema di incastri,<br>Le progettista di <em>Lasignora<\/em> svolgono un interessante lavoro sul lettering costruendolo con una logica affine a quella degli incastri che sostengono l&#8217;impianto della panca e scelgono di portare tutto l&#8217;apparato di istruzioni verso un sistema illustrativo pittografico, non limitandosi quindi a &#8220;ripulire&#8221; delle viste assonometriche ma pensando al disegno, ai punti di vista e alla semplificazioni necessarie per rendere le istruzioni di montaggio una articolazione di processo pi\u00f9 che una fotografia dei momenti salienti, incorporando anche il disegno dei materiali e degli strumenti in un linguaggio visuale uniforme. Lavorano su una panca, quindi su una seduta pensata per la socialit\u00e0, anche l* progettist* di <em>Panica<\/em>, che operano per esplosi dei vari step di processo.<\/p>\n\n\n\n<div class=\"wp-block-columns is-layout-flex wp-container-core-columns-is-layout-9d6595d7 wp-block-columns-is-layout-flex\">\n<div class=\"wp-block-column is-layout-flow wp-block-column-is-layout-flow\"><\/div>\n\n\n\n<div class=\"wp-block-column is-layout-flow wp-block-column-is-layout-flow\"><html><body><figure class=\"wp-block-image size-large\" data-margin-bottom=\"1\"><img loading=\"lazy\" decoding=\"async\" width=\"1024\" height=\"576\" src=\"https:\/\/www.idastudio.it\/wp-content\/uploads\/2022\/07\/openfurnishings6-1024x576.jpg\" alt=\"\" class=\"wp-image-6017\" srcset=\"https:\/\/www.idastudio.it\/wp-content\/uploads\/2022\/07\/openfurnishings6-1024x576.jpg 1024w, https:\/\/www.idastudio.it\/wp-content\/uploads\/2022\/07\/openfurnishings6-300x169.jpg 300w, https:\/\/www.idastudio.it\/wp-content\/uploads\/2022\/07\/openfurnishings6-768x432.jpg 768w, https:\/\/www.idastudio.it\/wp-content\/uploads\/2022\/07\/openfurnishings6-1536x864.jpg 1536w, https:\/\/www.idastudio.it\/wp-content\/uploads\/2022\/07\/openfurnishings6-2048x1152.jpg 2048w, https:\/\/www.idastudio.it\/wp-content\/uploads\/2022\/07\/openfurnishings6-1920x1080.jpg 1920w\" sizes=\"auto, (max-width: 1024px) 100vw, 1024px\" \/><\/figure>\n<\/body><\/html>\n\n\n<p class=\"is-style-font-xs\">Panica. Martina Landi, Katia Lorusso, Francesco Panella, Lucrezia Zilocchi<\/p>\n<\/div>\n\n\n\n<div class=\"wp-block-column is-layout-flow wp-block-column-is-layout-flow\"><\/div>\n<\/div>\n\n\n\n<p>A portare il concetto dello zoom nelle istruzioni di montaggio \u00e8 il gruppo di studenti e studentesse dietro il progetto <em>Tisbe<\/em>, che fa &#8220;muovere&#8221; un box con l&#8217;ingrandimento di un dettaglio di montaggio lungo tutte le istruzioni.&nbsp;<\/p>\n\n\n\n<p>In <em>Mezza Sedia<\/em> e <em>Trama<\/em> \u00e8 l&#8217;intreccio di componendi modulare a rendere possibile il sistema di incastri,<br>Le progettista di <em>Lasignora<\/em> svolgono un interessante lavoro sul lettering costruendolo con una logica affine a quella degli incastri che sostengono l&#8217;impianto della panca e scelgono di portare tutto l&#8217;apparato di istruzioni verso un sistema illustrativo pittografico, non limitandosi quindi a &#8220;ripulire&#8221; delle viste assonometriche ma pensando al disegno, ai punti di vista e alla semplificazioni necessarie per rendere le istruzioni di montaggio una articolazione di processo pi\u00f9 che una fotografia dei momenti salienti, incorporando anche il disegno dei materiali e degli strumenti in un linguaggio visuale uniforme. Lavorano su una panca, quindi su una seduta pensata per la socialit\u00e0, anche l* progettist* di <em>Panica<\/em>, che operano per esplosi dei vari step di processo.<\/p>\n\n\n\n<div class=\"wp-block-columns is-layout-flex wp-container-core-columns-is-layout-9d6595d7 wp-block-columns-is-layout-flex\">\n<div class=\"wp-block-column is-layout-flow wp-block-column-is-layout-flow\"><\/div>\n\n\n\n<div class=\"wp-block-column is-layout-flow wp-block-column-is-layout-flow\"><html><body><figure class=\"wp-block-image size-large\" data-margin-bottom=\"1\"><img loading=\"lazy\" decoding=\"async\" width=\"1024\" height=\"576\" src=\"https:\/\/www.idastudio.it\/wp-content\/uploads\/2022\/07\/openfurnishings7-1024x576.jpg\" alt=\"\" class=\"wp-image-6019\" srcset=\"https:\/\/www.idastudio.it\/wp-content\/uploads\/2022\/07\/openfurnishings7-1024x576.jpg 1024w, https:\/\/www.idastudio.it\/wp-content\/uploads\/2022\/07\/openfurnishings7-300x169.jpg 300w, https:\/\/www.idastudio.it\/wp-content\/uploads\/2022\/07\/openfurnishings7-768x432.jpg 768w, https:\/\/www.idastudio.it\/wp-content\/uploads\/2022\/07\/openfurnishings7-1536x864.jpg 1536w, https:\/\/www.idastudio.it\/wp-content\/uploads\/2022\/07\/openfurnishings7-2048x1152.jpg 2048w, https:\/\/www.idastudio.it\/wp-content\/uploads\/2022\/07\/openfurnishings7-1920x1080.jpg 1920w\" sizes=\"auto, (max-width: 1024px) 100vw, 1024px\" \/><\/figure>\n<\/body><\/html>\n\n\n<p class=\"is-style-font-xs\">La regolare. Amato Camilla, Dall\u2019Olio Lorenzo, Fanton Enrico, Ugolini Andrea<\/p>\n<\/div>\n\n\n\n<div class=\"wp-block-column is-layout-flow wp-block-column-is-layout-flow\"><\/div>\n<\/div>\n\n\n\n<div class=\"wp-block-columns is-layout-flex wp-container-core-columns-is-layout-9d6595d7 wp-block-columns-is-layout-flex\">\n<div class=\"wp-block-column is-layout-flow wp-block-column-is-layout-flow\"><\/div>\n\n\n\n<div class=\"wp-block-column is-layout-flow wp-block-column-is-layout-flow\"><html><body><figure class=\"wp-block-image size-large\" data-margin-bottom=\"1\"><img loading=\"lazy\" decoding=\"async\" width=\"1024\" height=\"576\" src=\"https:\/\/www.idastudio.it\/wp-content\/uploads\/2022\/07\/openfurnishings8-1024x576.jpg\" alt=\"\" class=\"wp-image-6021\" srcset=\"https:\/\/www.idastudio.it\/wp-content\/uploads\/2022\/07\/openfurnishings8-1024x576.jpg 1024w, https:\/\/www.idastudio.it\/wp-content\/uploads\/2022\/07\/openfurnishings8-300x169.jpg 300w, https:\/\/www.idastudio.it\/wp-content\/uploads\/2022\/07\/openfurnishings8-768x432.jpg 768w, https:\/\/www.idastudio.it\/wp-content\/uploads\/2022\/07\/openfurnishings8-1536x864.jpg 1536w, https:\/\/www.idastudio.it\/wp-content\/uploads\/2022\/07\/openfurnishings8-2048x1152.jpg 2048w, https:\/\/www.idastudio.it\/wp-content\/uploads\/2022\/07\/openfurnishings8-1920x1080.jpg 1920w\" sizes=\"auto, (max-width: 1024px) 100vw, 1024px\" \/><\/figure>\n<\/body><\/html>\n\n\n<p class=\"is-style-font-xs\">Patta. Beatrice Buioni, Ludovica Clementini, Gabriella Forina, Daniela Olaru<\/p>\n<\/div>\n\n\n\n<div class=\"wp-block-column is-layout-flow wp-block-column-is-layout-flow\"><\/div>\n<\/div>\n\n\n\n<p>La seduta <em>Patta<\/em> fa nel nome, per poco non palindromo nella grafia ma certamente nel significato, e nel logotipo esattamente quanto avviene nella costruzione della struttura: due parti, speculari, si incastrano grazie alla reciproca rotazione.<br>A progettare un logotipo variabile sono le designer di <em>Hamac<\/em>, che prendono ispirazione dall&#8217;amaca tradizionale dei paesi latino americani, e disegnano un logotipo ondulante, in cui l&#8217;asta centrale del monogramma si curava con le oscillazioni possibili del tessuto della seduta. A una cultura altra guarda anche il progetto <em>Momo<\/em>, in cui nuovamente tutti gli strumenti di lavoro vengono integrati nel progetto di costruzione alla pari dei materiali, e la tradizione orientale dell&#8217;origami diventa la base di progettazione sia della seduta, realizzata con quattordici pannelli identici che, una volta piegati a met\u00e0, vengono fermati da quattro anelli per chiavi, che del lettering, costruito con una tecnica di shredding che permette di creare alfabeti coerenti oltre il logotipo.<\/p>\n\n\n\n<div class=\"wp-block-columns is-layout-flex wp-container-core-columns-is-layout-9d6595d7 wp-block-columns-is-layout-flex\">\n<div class=\"wp-block-column is-layout-flow wp-block-column-is-layout-flow\"><\/div>\n\n\n\n<div class=\"wp-block-column is-layout-flow wp-block-column-is-layout-flow\"><html><body><figure class=\"wp-block-image size-large\" data-margin-bottom=\"1\"><img loading=\"lazy\" decoding=\"async\" width=\"1024\" height=\"576\" src=\"https:\/\/www.idastudio.it\/wp-content\/uploads\/2022\/07\/openfurnishings9-1024x576.jpg\" alt=\"\" class=\"wp-image-6023\" srcset=\"https:\/\/www.idastudio.it\/wp-content\/uploads\/2022\/07\/openfurnishings9-1024x576.jpg 1024w, https:\/\/www.idastudio.it\/wp-content\/uploads\/2022\/07\/openfurnishings9-300x169.jpg 300w, https:\/\/www.idastudio.it\/wp-content\/uploads\/2022\/07\/openfurnishings9-768x432.jpg 768w, https:\/\/www.idastudio.it\/wp-content\/uploads\/2022\/07\/openfurnishings9-1536x864.jpg 1536w, https:\/\/www.idastudio.it\/wp-content\/uploads\/2022\/07\/openfurnishings9-2048x1152.jpg 2048w, https:\/\/www.idastudio.it\/wp-content\/uploads\/2022\/07\/openfurnishings9-1920x1080.jpg 1920w\" sizes=\"auto, (max-width: 1024px) 100vw, 1024px\" \/><\/figure>\n<\/body><\/html>\n\n\n<p class=\"is-style-font-xs\">Trama. Gaia Decataldo, Michelle Favaro, Emma Micheletti, Arianna Zaupa<\/p>\n<\/div>\n\n\n\n<div class=\"wp-block-column is-layout-flow wp-block-column-is-layout-flow\"><\/div>\n<\/div>\n\n\n\n<p class=\"is-style-font-md-typewriter\">Il punto davvero interessante di quest\u2019esperienza \u00e8 la contemporaneit\u00e0 tra la progettazione del prodotto e la riflessione su come renderne il processo di costruzione replicabile. Individuare quali siano gli strumenti visivi per spiegare come si fa, ha delle conseguenze progettuali anche nel pensare al come \u00e8 fatto, e evidenzia ancora una volta come il visual design non sia l\u2019ultimo anello di una catena, ma passaggio strutturale, elemento fondante dei processi cognitivi e progettuali.<\/p>\n\n\n\n<div class=\"wp-block-columns is-layout-flex wp-container-core-columns-is-layout-9d6595d7 wp-block-columns-is-layout-flex\">\n<div class=\"wp-block-column is-layout-flow wp-block-column-is-layout-flow\"><\/div>\n\n\n\n<div class=\"wp-block-column is-layout-flow wp-block-column-is-layout-flow\"><html><body><figure class=\"wp-block-image size-large\" data-margin-bottom=\"1\"><img loading=\"lazy\" decoding=\"async\" width=\"1024\" height=\"576\" src=\"https:\/\/www.idastudio.it\/wp-content\/uploads\/2022\/07\/openfurnishings10-1024x576.jpg\" alt=\"\" class=\"wp-image-6025\" srcset=\"https:\/\/www.idastudio.it\/wp-content\/uploads\/2022\/07\/openfurnishings10-1024x576.jpg 1024w, https:\/\/www.idastudio.it\/wp-content\/uploads\/2022\/07\/openfurnishings10-300x169.jpg 300w, https:\/\/www.idastudio.it\/wp-content\/uploads\/2022\/07\/openfurnishings10-768x432.jpg 768w, https:\/\/www.idastudio.it\/wp-content\/uploads\/2022\/07\/openfurnishings10-1536x864.jpg 1536w, https:\/\/www.idastudio.it\/wp-content\/uploads\/2022\/07\/openfurnishings10-2048x1152.jpg 2048w, https:\/\/www.idastudio.it\/wp-content\/uploads\/2022\/07\/openfurnishings10-1920x1080.jpg 1920w\" sizes=\"auto, (max-width: 1024px) 100vw, 1024px\" \/><\/figure>\n<\/body><\/html>\n\n\n<p class=\"is-style-font-xs\">Hamac. Arturo Arcidiacono, Ilaria Di Carlantonio, Joselina Hern\u00e1ndez , Federica Manna<\/p>\n<\/div>\n\n\n\n<div class=\"wp-block-column is-layout-flow wp-block-column-is-layout-flow\"><\/div>\n<\/div>\n\n\n\n<div class=\"wp-block-columns is-layout-flex wp-container-core-columns-is-layout-9d6595d7 wp-block-columns-is-layout-flex\">\n<div class=\"wp-block-column is-layout-flow wp-block-column-is-layout-flow\"><\/div>\n\n\n\n<div class=\"wp-block-column is-layout-flow wp-block-column-is-layout-flow\"><html><body><figure class=\"wp-block-image size-large\" data-margin-bottom=\"1\"><img loading=\"lazy\" decoding=\"async\" width=\"1024\" height=\"576\" src=\"https:\/\/www.idastudio.it\/wp-content\/uploads\/2022\/07\/openfurnishings11-1024x576.jpg\" alt=\"\" class=\"wp-image-6027\" srcset=\"https:\/\/www.idastudio.it\/wp-content\/uploads\/2022\/07\/openfurnishings11-1024x576.jpg 1024w, https:\/\/www.idastudio.it\/wp-content\/uploads\/2022\/07\/openfurnishings11-300x169.jpg 300w, https:\/\/www.idastudio.it\/wp-content\/uploads\/2022\/07\/openfurnishings11-768x432.jpg 768w, https:\/\/www.idastudio.it\/wp-content\/uploads\/2022\/07\/openfurnishings11-1536x864.jpg 1536w, https:\/\/www.idastudio.it\/wp-content\/uploads\/2022\/07\/openfurnishings11-2048x1152.jpg 2048w, https:\/\/www.idastudio.it\/wp-content\/uploads\/2022\/07\/openfurnishings11-1920x1080.jpg 1920w\" sizes=\"auto, (max-width: 1024px) 100vw, 1024px\" \/><\/figure>\n<\/body><\/html>\n\n\n<p class=\"is-style-font-xs\">Tisbe. Angelo Angiola, Agnese Baldoni, Federico Covolan, Matteo De Marco<\/p>\n<\/div>\n\n\n\n<div class=\"wp-block-column is-layout-flow wp-block-column-is-layout-flow\"><\/div>\n<\/div>\n\n\n\n<div class=\"wp-block-columns is-layout-flex wp-container-core-columns-is-layout-9d6595d7 wp-block-columns-is-layout-flex\">\n<div class=\"wp-block-column is-layout-flow wp-block-column-is-layout-flow\"><\/div>\n\n\n\n<div class=\"wp-block-column is-layout-flow wp-block-column-is-layout-flow\"><html><body><figure class=\"wp-block-image size-large\" data-margin-bottom=\"1\"><img loading=\"lazy\" decoding=\"async\" width=\"1024\" height=\"576\" src=\"https:\/\/www.idastudio.it\/wp-content\/uploads\/2022\/07\/openfurnishings12-1024x576.jpg\" alt=\"\" class=\"wp-image-6029\" srcset=\"https:\/\/www.idastudio.it\/wp-content\/uploads\/2022\/07\/openfurnishings12-1024x576.jpg 1024w, https:\/\/www.idastudio.it\/wp-content\/uploads\/2022\/07\/openfurnishings12-300x169.jpg 300w, https:\/\/www.idastudio.it\/wp-content\/uploads\/2022\/07\/openfurnishings12-768x432.jpg 768w, https:\/\/www.idastudio.it\/wp-content\/uploads\/2022\/07\/openfurnishings12-1536x864.jpg 1536w, https:\/\/www.idastudio.it\/wp-content\/uploads\/2022\/07\/openfurnishings12-2048x1152.jpg 2048w, https:\/\/www.idastudio.it\/wp-content\/uploads\/2022\/07\/openfurnishings12-1920x1080.jpg 1920w\" sizes=\"auto, (max-width: 1024px) 100vw, 1024px\" \/><\/figure>\n<\/body><\/html>\n\n\n<p class=\"is-style-font-xs\">Momo. Francesco Moretti, Davide Rizzo, Simone Serrentino, Giovanni Veronesi<\/p>\n<\/div>\n\n\n\n<div class=\"wp-block-column is-layout-flow wp-block-column-is-layout-flow\"><\/div>\n<\/div>\n\n\n\n<p>\u2013\u2013\u2013<br><em>Openfurnishings<\/em> \u00e8 stato in mostra a Rovigo, gli scorsi 21-22 maggio, nell&#8217;ambito del festival di giardini aperti &#8220;Citt\u00e0 delle Rose&#8221;, presso il cortile di Palazzo Angeli, sede distaccata dell&#8217;Universit\u00e0 degli Studi di Ferrara.<\/p>\n\n\n\n<p>Sar\u00e0 in mostra dal 16 al 25 settembre a Vienna per la Vienna Design Week, con il Patrocinio dell&#8217;Universit\u00e0 degli Studi di Ferrara Dipartimento di Architettura, dell&#8217;Istituto Italiano di Cultura di Vienna e con partner tecnico Euroinnovators.<\/p>\n\n\n\n<p class=\"is-style-font-xs\">Progetti di: Rebecca Barbiani, Irene Bonomi, Chiara Barbierato, Matilde Catalani, Giulia Alberghi, Francesca Becca, Francesca Cecchini, Sofia Bonaldo, Luca Castagna, Pietro Graziosi, Giada Manganelli, Jonathan Pedicino, Maja Marta Krupa, Sara Lain, Nicola Pellegrinelli, Anca Mariana Toma, Alice Galdi, Giulia Nestola, Luce Santato, Noemi Murdolo, Martina Landi, Katia Lorusso, Francesco Panella, Lucrezia Zilocchi, Amato Camilla, Dall\u2019Olio Lorenzo, Fanton Enrico, Ugolini Andrea, Beatrice Buioni, Ludovica Clementini, Gabriella Forina, Daniela Olaru, Gaia Decataldo, Michelle Favaro, Emma Micheletti, Arianna Zaupa, Arturo Arcidiacono, Ilaria Di Carlantonio, Joselina Hern\u00e1ndez, Federica Manna, Angelo Angiola, Agnese Baldoni, Federico Covolan, Matteo De Marco, Francesco Moretti, Davide Rizzo, Simone Serrentino, Giovanni Veronesi.<\/p>\n\n\n\n<p class=\"is-style-font-xs\">A cura di: Ivano Vianello, Laura Bortoloni, Dario Scodeller.&nbsp;<\/p>\n\n\n\n<p><\/p>\n\n\n\n<p><\/p>\n","protected":false},"excerpt":{"rendered":"<p>Della sottile linea tra design grafico e design del prodotto. Se esiste&nbsp; di Laura BortoloniDesign director Ida StudioDocente a contratto Unife, Uniud Dal 2018 ho iniziato ad insegnare progettazione grafica nell\u2019ambito dell\u2019insegnamento di concept design nel corso di laurea di Design per il prodotto industriale presso l\u2019Universit\u00e0 degli Studi di Ferrara. La sfida di questo [&hellip;]<\/p>\n","protected":false},"author":5,"featured_media":6004,"comment_status":"closed","ping_status":"closed","sticky":false,"template":"","format":"standard","meta":{"footnotes":""},"categories":[63,64],"tags":[65,66,67],"class_list":["post-6889","post","type-post","status-publish","format-standard","has-post-thumbnail","hentry","category-events-en","category-tappe-c-en","tag-autoprogettazione-en","tag-information-desgin-en","tag-product-design-en"],"yoast_head":"<!-- This site is optimized with the Yoast SEO plugin v25.3.1 - https:\/\/yoast.com\/wordpress\/plugins\/seo\/ -->\n<title>Ti spiego come si fa - Ida Studio design<\/title>\n<meta name=\"description\" content=\"&quot;Della sottile linea tra design grafico e design del prodotto. Se esiste. Laura Bortoloni, docente a contratto Unife, Uniud, Design director Ida Studio.&quot;\" \/>\n<meta name=\"robots\" content=\"noindex, follow\" \/>\n<meta property=\"og:locale\" content=\"en_US\" \/>\n<meta property=\"og:type\" content=\"article\" \/>\n<meta property=\"og:title\" content=\"Ti spiego come si fa - Ida Studio design\" \/>\n<meta property=\"og:description\" content=\"&quot;Della sottile linea tra design grafico e design del prodotto. Se esiste. Laura Bortoloni, docente a contratto Unife, Uniud, Design director Ida Studio.&quot;\" \/>\n<meta property=\"og:url\" content=\"https:\/\/www.idastudio.it\/en\/2022\/07\/25\/ti-spiego-come-si-fa\/\" \/>\n<meta property=\"og:site_name\" content=\"Ida Studio\" \/>\n<meta property=\"article:published_time\" content=\"2022-07-25T12:15:42+00:00\" \/>\n<meta property=\"article:modified_time\" content=\"2025-09-11T16:26:46+00:00\" \/>\n<meta property=\"og:image\" content=\"https:\/\/www.idastudio.it\/wp-content\/uploads\/2022\/07\/openfurnishings13-scaled.jpg\" \/>\n\t<meta property=\"og:image:width\" content=\"2560\" \/>\n\t<meta property=\"og:image:height\" content=\"1440\" \/>\n\t<meta property=\"og:image:type\" content=\"image\/jpeg\" \/>\n<meta name=\"author\" content=\"laura.bortoloni\" \/>\n<meta name=\"twitter:card\" content=\"summary_large_image\" \/>\n<meta name=\"twitter:label1\" content=\"Written by\" \/>\n\t<meta name=\"twitter:data1\" content=\"laura.bortoloni\" \/>\n\t<meta name=\"twitter:label2\" content=\"Est. reading time\" \/>\n\t<meta name=\"twitter:data2\" content=\"1 minute\" \/>\n<script type=\"application\/ld+json\" class=\"yoast-schema-graph\">{\"@context\":\"https:\/\/schema.org\",\"@graph\":[{\"@type\":\"WebPage\",\"@id\":\"https:\/\/www.idastudio.it\/en\/2022\/07\/25\/ti-spiego-come-si-fa\/\",\"url\":\"https:\/\/www.idastudio.it\/en\/2022\/07\/25\/ti-spiego-come-si-fa\/\",\"name\":\"Ti spiego come si fa - Ida Studio design\",\"isPartOf\":{\"@id\":\"https:\/\/www.idastudio.it\/#website\"},\"primaryImageOfPage\":{\"@id\":\"https:\/\/www.idastudio.it\/en\/2022\/07\/25\/ti-spiego-come-si-fa\/#primaryimage\"},\"image\":{\"@id\":\"https:\/\/www.idastudio.it\/en\/2022\/07\/25\/ti-spiego-come-si-fa\/#primaryimage\"},\"thumbnailUrl\":\"https:\/\/www.idastudio.it\/wp-content\/uploads\/2022\/07\/openfurnishings13-scaled.jpg\",\"datePublished\":\"2022-07-25T12:15:42+00:00\",\"dateModified\":\"2025-09-11T16:26:46+00:00\",\"author\":{\"@id\":\"https:\/\/www.idastudio.it\/#\/schema\/person\/67580872354c18beb8fb305bd0f13a35\"},\"description\":\"\\\"Della sottile linea tra design grafico e design del prodotto. Se esiste. Laura Bortoloni, docente a contratto Unife, Uniud, Design director Ida Studio.\\\"\",\"breadcrumb\":{\"@id\":\"https:\/\/www.idastudio.it\/en\/2022\/07\/25\/ti-spiego-come-si-fa\/#breadcrumb\"},\"inLanguage\":\"en-US\",\"potentialAction\":[{\"@type\":\"ReadAction\",\"target\":[\"https:\/\/www.idastudio.it\/en\/2022\/07\/25\/ti-spiego-come-si-fa\/\"]}]},{\"@type\":\"ImageObject\",\"inLanguage\":\"en-US\",\"@id\":\"https:\/\/www.idastudio.it\/en\/2022\/07\/25\/ti-spiego-come-si-fa\/#primaryimage\",\"url\":\"https:\/\/www.idastudio.it\/wp-content\/uploads\/2022\/07\/openfurnishings13-scaled.jpg\",\"contentUrl\":\"https:\/\/www.idastudio.it\/wp-content\/uploads\/2022\/07\/openfurnishings13-scaled.jpg\",\"width\":2560,\"height\":1440},{\"@type\":\"BreadcrumbList\",\"@id\":\"https:\/\/www.idastudio.it\/en\/2022\/07\/25\/ti-spiego-come-si-fa\/#breadcrumb\",\"itemListElement\":[{\"@type\":\"ListItem\",\"position\":1,\"name\":\"Home\",\"item\":\"https:\/\/www.idastudio.it\/en\/\"},{\"@type\":\"ListItem\",\"position\":2,\"name\":\"Ti spiego come si fa EN\"}]},{\"@type\":\"WebSite\",\"@id\":\"https:\/\/www.idastudio.it\/#website\",\"url\":\"https:\/\/www.idastudio.it\/\",\"name\":\"Ida Studio\",\"description\":\"\",\"potentialAction\":[{\"@type\":\"SearchAction\",\"target\":{\"@type\":\"EntryPoint\",\"urlTemplate\":\"https:\/\/www.idastudio.it\/?s={search_term_string}\"},\"query-input\":{\"@type\":\"PropertyValueSpecification\",\"valueRequired\":true,\"valueName\":\"search_term_string\"}}],\"inLanguage\":\"en-US\"},{\"@type\":\"Person\",\"@id\":\"https:\/\/www.idastudio.it\/#\/schema\/person\/67580872354c18beb8fb305bd0f13a35\",\"name\":\"laura.bortoloni\",\"image\":{\"@type\":\"ImageObject\",\"inLanguage\":\"en-US\",\"@id\":\"https:\/\/www.idastudio.it\/#\/schema\/person\/image\/\",\"url\":\"https:\/\/secure.gravatar.com\/avatar\/3b1eefb38c204aa24136aaf80d544ca14c62934360d5864b5f9c6cea0ce18933?s=96&d=mm&r=g\",\"contentUrl\":\"https:\/\/secure.gravatar.com\/avatar\/3b1eefb38c204aa24136aaf80d544ca14c62934360d5864b5f9c6cea0ce18933?s=96&d=mm&r=g\",\"caption\":\"laura.bortoloni\"},\"url\":\"https:\/\/www.idastudio.it\/en\/author\/laura-bortoloni\/\"}]}<\/script>\n<!-- \/ Yoast SEO plugin. -->","yoast_head_json":{"title":"Ti spiego come si fa - Ida Studio design","description":"\"Della sottile linea tra design grafico e design del prodotto. Se esiste. Laura Bortoloni, docente a contratto Unife, Uniud, Design director Ida Studio.\"","robots":{"index":"noindex","follow":"follow"},"og_locale":"en_US","og_type":"article","og_title":"Ti spiego come si fa - Ida Studio design","og_description":"\"Della sottile linea tra design grafico e design del prodotto. Se esiste. Laura Bortoloni, docente a contratto Unife, Uniud, Design director Ida Studio.\"","og_url":"https:\/\/www.idastudio.it\/en\/2022\/07\/25\/ti-spiego-come-si-fa\/","og_site_name":"Ida Studio","article_published_time":"2022-07-25T12:15:42+00:00","article_modified_time":"2025-09-11T16:26:46+00:00","og_image":[{"width":2560,"height":1440,"url":"https:\/\/www.idastudio.it\/wp-content\/uploads\/2022\/07\/openfurnishings13-scaled.jpg","type":"image\/jpeg"}],"author":"laura.bortoloni","twitter_card":"summary_large_image","twitter_misc":{"Written by":"laura.bortoloni","Est. reading time":"1 minute"},"schema":{"@context":"https:\/\/schema.org","@graph":[{"@type":"WebPage","@id":"https:\/\/www.idastudio.it\/en\/2022\/07\/25\/ti-spiego-come-si-fa\/","url":"https:\/\/www.idastudio.it\/en\/2022\/07\/25\/ti-spiego-come-si-fa\/","name":"Ti spiego come si fa - Ida Studio design","isPartOf":{"@id":"https:\/\/www.idastudio.it\/#website"},"primaryImageOfPage":{"@id":"https:\/\/www.idastudio.it\/en\/2022\/07\/25\/ti-spiego-come-si-fa\/#primaryimage"},"image":{"@id":"https:\/\/www.idastudio.it\/en\/2022\/07\/25\/ti-spiego-come-si-fa\/#primaryimage"},"thumbnailUrl":"https:\/\/www.idastudio.it\/wp-content\/uploads\/2022\/07\/openfurnishings13-scaled.jpg","datePublished":"2022-07-25T12:15:42+00:00","dateModified":"2025-09-11T16:26:46+00:00","author":{"@id":"https:\/\/www.idastudio.it\/#\/schema\/person\/67580872354c18beb8fb305bd0f13a35"},"description":"\"Della sottile linea tra design grafico e design del prodotto. Se esiste. Laura Bortoloni, docente a contratto Unife, Uniud, Design director Ida Studio.\"","breadcrumb":{"@id":"https:\/\/www.idastudio.it\/en\/2022\/07\/25\/ti-spiego-come-si-fa\/#breadcrumb"},"inLanguage":"en-US","potentialAction":[{"@type":"ReadAction","target":["https:\/\/www.idastudio.it\/en\/2022\/07\/25\/ti-spiego-come-si-fa\/"]}]},{"@type":"ImageObject","inLanguage":"en-US","@id":"https:\/\/www.idastudio.it\/en\/2022\/07\/25\/ti-spiego-come-si-fa\/#primaryimage","url":"https:\/\/www.idastudio.it\/wp-content\/uploads\/2022\/07\/openfurnishings13-scaled.jpg","contentUrl":"https:\/\/www.idastudio.it\/wp-content\/uploads\/2022\/07\/openfurnishings13-scaled.jpg","width":2560,"height":1440},{"@type":"BreadcrumbList","@id":"https:\/\/www.idastudio.it\/en\/2022\/07\/25\/ti-spiego-come-si-fa\/#breadcrumb","itemListElement":[{"@type":"ListItem","position":1,"name":"Home","item":"https:\/\/www.idastudio.it\/en\/"},{"@type":"ListItem","position":2,"name":"Ti spiego come si fa EN"}]},{"@type":"WebSite","@id":"https:\/\/www.idastudio.it\/#website","url":"https:\/\/www.idastudio.it\/","name":"Ida Studio","description":"","potentialAction":[{"@type":"SearchAction","target":{"@type":"EntryPoint","urlTemplate":"https:\/\/www.idastudio.it\/?s={search_term_string}"},"query-input":{"@type":"PropertyValueSpecification","valueRequired":true,"valueName":"search_term_string"}}],"inLanguage":"en-US"},{"@type":"Person","@id":"https:\/\/www.idastudio.it\/#\/schema\/person\/67580872354c18beb8fb305bd0f13a35","name":"laura.bortoloni","image":{"@type":"ImageObject","inLanguage":"en-US","@id":"https:\/\/www.idastudio.it\/#\/schema\/person\/image\/","url":"https:\/\/secure.gravatar.com\/avatar\/3b1eefb38c204aa24136aaf80d544ca14c62934360d5864b5f9c6cea0ce18933?s=96&d=mm&r=g","contentUrl":"https:\/\/secure.gravatar.com\/avatar\/3b1eefb38c204aa24136aaf80d544ca14c62934360d5864b5f9c6cea0ce18933?s=96&d=mm&r=g","caption":"laura.bortoloni"},"url":"https:\/\/www.idastudio.it\/en\/author\/laura-bortoloni\/"}]}},"_links":{"self":[{"href":"https:\/\/www.idastudio.it\/en\/wp-json\/wp\/v2\/posts\/6889","targetHints":{"allow":["GET"]}}],"collection":[{"href":"https:\/\/www.idastudio.it\/en\/wp-json\/wp\/v2\/posts"}],"about":[{"href":"https:\/\/www.idastudio.it\/en\/wp-json\/wp\/v2\/types\/post"}],"author":[{"embeddable":true,"href":"https:\/\/www.idastudio.it\/en\/wp-json\/wp\/v2\/users\/5"}],"replies":[{"embeddable":true,"href":"https:\/\/www.idastudio.it\/en\/wp-json\/wp\/v2\/comments?post=6889"}],"version-history":[{"count":1,"href":"https:\/\/www.idastudio.it\/en\/wp-json\/wp\/v2\/posts\/6889\/revisions"}],"predecessor-version":[{"id":6890,"href":"https:\/\/www.idastudio.it\/en\/wp-json\/wp\/v2\/posts\/6889\/revisions\/6890"}],"wp:featuredmedia":[{"embeddable":true,"href":"https:\/\/www.idastudio.it\/en\/wp-json\/wp\/v2\/media\/6004"}],"wp:attachment":[{"href":"https:\/\/www.idastudio.it\/en\/wp-json\/wp\/v2\/media?parent=6889"}],"wp:term":[{"taxonomy":"category","embeddable":true,"href":"https:\/\/www.idastudio.it\/en\/wp-json\/wp\/v2\/categories?post=6889"},{"taxonomy":"post_tag","embeddable":true,"href":"https:\/\/www.idastudio.it\/en\/wp-json\/wp\/v2\/tags?post=6889"}],"curies":[{"name":"wp","href":"https:\/\/api.w.org\/{rel}","templated":true}]}}